{"id":4519,"date":"2026-02-09T12:52:00","date_gmt":"2026-02-09T11:52:00","guid":{"rendered":"https:\/\/allmeblo.pl\/blog\/?p=4519"},"modified":"2026-04-10T15:08:54","modified_gmt":"2026-04-10T13:08:54","slug":"salon-z-jadalnia-w-bloku-jak-wydzielic-strefy-meblami","status":"publish","type":"post","link":"https:\/\/allmeblo.pl\/blog\/salon-z-jadalnia-w-bloku-jak-wydzielic-strefy-meblami\/","title":{"rendered":"Salon z jadalni\u0105 w bloku &#8211; jak wydzieli\u0107 strefy meblami?"},"content":{"rendered":"\n<p>W mieszkaniu w bloku po\u0142\u0105czenie salonu z jadalni\u0105 to cz\u0119ste wyzwanie. Odpowiednie meble pomog\u0105 wydzieli\u0107 strefy bez budowania \u015bcian. Poznaj sprawdzone sposoby na funkcjonaln\u0105 aran\u017cacj\u0119.<\/p>\n\n\n\n<div id=\"ez-toc-container\" class=\"ez-toc-v2_0_80 counter-hierarchy ez-toc-counter ez-toc-grey ez-toc-container-direction\">\n<div class=\"ez-toc-title-container\">\n<p class=\"ez-toc-title\" style=\"cursor:inherit\">Spis tre\u015bci<\/p>\n<span class=\"ez-toc-title-toggle\"><a href=\"#\" class=\"ez-toc-pull-right ez-toc-btn ez-toc-btn-xs ez-toc-btn-default ez-toc-toggle\" aria-label=\"Prze\u0142\u0105cznik Spisu Tre\u015bci\"><span class=\"ez-toc-js-icon-con\"><span class=\"\"><span class=\"eztoc-hide\" style=\"display:none;\">Toggle<\/span><span class=\"ez-toc-icon-toggle-span\"><svg style=\"fill: #999;color:#999\" xmlns=\"http:\/\/www.w3.org\/2000\/svg\" class=\"list-377408\" width=\"20px\" height=\"20px\" viewBox=\"0 0 24 24\" fill=\"none\"><path d=\"M6 6H4v2h2V6zm14 0H8v2h12V6zM4 11h2v2H4v-2zm16 0H8v2h12v-2zM4 16h2v2H4v-2zm16 0H8v2h12v-2z\" fill=\"currentColor\"><\/path><\/svg><svg style=\"fill: #999;color:#999\" class=\"arrow-unsorted-368013\" xmlns=\"http:\/\/www.w3.org\/2000\/svg\" width=\"10px\" height=\"10px\" viewBox=\"0 0 24 24\" version=\"1.2\" baseProfile=\"tiny\"><path d=\"M18.2 9.3l-6.2-6.3-6.2 6.3c-.2.2-.3.4-.3.7s.1.5.3.7c.2.2.4.3.7.3h11c.3 0 .5-.1.7-.3.2-.2.3-.5.3-.7s-.1-.5-.3-.7zM5.8 14.7l6.2 6.3 6.2-6.3c.2-.2.3-.5.3-.7s-.1-.5-.3-.7c-.2-.2-.4-.3-.7-.3h-11c-.3 0-.5.1-.7.3-.2.2-.3.5-.3.7s.1.5.3.7z\"\/><\/svg><\/span><\/span><\/span><\/a><\/span><\/div>\n<nav><ul class='ez-toc-list ez-toc-list-level-1 ' ><li class='ez-toc-page-1 ez-toc-heading-level-2'><a class=\"ez-toc-link ez-toc-heading-1\" href=\"https:\/\/allmeblo.pl\/blog\/salon-z-jadalnia-w-bloku-jak-wydzielic-strefy-meblami\/#Dlaczego_warto_wydzielic_salon_i_jadalnie_w_bloku\" >Dlaczego warto wydzieli\u0107 salon i jadalni\u0119 w bloku?<\/a><\/li><li class='ez-toc-page-1 ez-toc-heading-level-2'><a class=\"ez-toc-link ez-toc-heading-2\" href=\"https:\/\/allmeblo.pl\/blog\/salon-z-jadalnia-w-bloku-jak-wydzielic-strefy-meblami\/#Mebloscianka_jako_sposob_na_podzial_przestrzeni\" >Meblo\u015bcianka jako spos\u00f3b na podzia\u0142 przestrzeni<\/a><\/li><li class='ez-toc-page-1 ez-toc-heading-level-2'><a class=\"ez-toc-link ez-toc-heading-3\" href=\"https:\/\/allmeblo.pl\/blog\/salon-z-jadalnia-w-bloku-jak-wydzielic-strefy-meblami\/#Regaly_i_polki_%E2%80%93_lekkie_wydzielenie_stref\" >Rega\u0142y i p\u00f3\u0142ki &#8211; lekkie wydzielenie stref<\/a><\/li><li class='ez-toc-page-1 ez-toc-heading-level-2'><a class=\"ez-toc-link ez-toc-heading-4\" href=\"https:\/\/allmeblo.pl\/blog\/salon-z-jadalnia-w-bloku-jak-wydzielic-strefy-meblami\/#Stolowa_aranzacja_%E2%80%93_jak_ustawic_meble_w_jadalni\" >Sto\u0142owa aran\u017cacja &#8211; jak ustawi\u0107 meble w jadalni?<\/a><\/li><li class='ez-toc-page-1 ez-toc-heading-level-2'><a class=\"ez-toc-link ez-toc-heading-5\" href=\"https:\/\/allmeblo.pl\/blog\/salon-z-jadalnia-w-bloku-jak-wydzielic-strefy-meblami\/#Kanapa_i_sofa_%E2%80%93_strefa_relaksu_w_salonie\" >Kanapa i sofa &#8211; strefa relaksu w salonie<\/a><\/li><li class='ez-toc-page-1 ez-toc-heading-level-2'><a class=\"ez-toc-link ez-toc-heading-6\" href=\"https:\/\/allmeblo.pl\/blog\/salon-z-jadalnia-w-bloku-jak-wydzielic-strefy-meblami\/#Oswietlenie_%E2%80%93_klucz_do_wydzielenia_stref\" >O\u015bwietlenie &#8211; klucz do wydzielenia stref<\/a><\/li><li class='ez-toc-page-1 ez-toc-heading-level-2'><a class=\"ez-toc-link ez-toc-heading-7\" href=\"https:\/\/allmeblo.pl\/blog\/salon-z-jadalnia-w-bloku-jak-wydzielic-strefy-meblami\/#Kolory_i_tekstury_%E2%80%93_wizualne_oddzielenie_przestrzeni\" >Kolory i tekstury &#8211; wizualne oddzielenie przestrzeni<\/a><\/li><li class='ez-toc-page-1 ez-toc-heading-level-2'><a class=\"ez-toc-link ez-toc-heading-8\" href=\"https:\/\/allmeblo.pl\/blog\/salon-z-jadalnia-w-bloku-jak-wydzielic-strefy-meblami\/#Meble_wielofunkcyjne_%E2%80%93_oszczednosc_miejsca_w_bloku\" >Meble wielofunkcyjne &#8211; oszcz\u0119dno\u015b\u0107 miejsca w bloku<\/a><\/li><li class='ez-toc-page-1 ez-toc-heading-level-2'><a class=\"ez-toc-link ez-toc-heading-9\" href=\"https:\/\/allmeblo.pl\/blog\/salon-z-jadalnia-w-bloku-jak-wydzielic-strefy-meblami\/#Podsumowanie\" >Podsumowanie<\/a><\/li><\/ul><\/nav><\/div>\n<h2 class=\"wp-block-heading\"><span class=\"ez-toc-section\" id=\"Dlaczego_warto_wydzielic_salon_i_jadalnie_w_bloku\"><\/span>Dlaczego warto wydzieli\u0107 salon i jadalni\u0119 w bloku?<span class=\"ez-toc-section-end\"><\/span><\/h2>\n\n\n\n<p>Zastanawiam si\u0119 czasem, czy to w og\u00f3le ma sens, to dzielenie jednej przestrzeni na dwie. W ko\u0144cu w bloku ka\u017cdy metr jest na wag\u0119 z\u0142ota, a otwarty plan wydaje si\u0119 taki nowoczesny, taki\u2026 wolny. Ale \u017cycie, moje \u017cycie przynajmniej, to nie jest pokazowy katalog. To jest chaos porannej kawy, roz\u0142o\u017conych dokument\u00f3w do pracy, kolacji z przyjaci\u00f3\u0142mi i wieczoru z ksi\u0105\u017ck\u0105. I w\u0142a\u015bnie dlatego <strong>wydzielenie salonu i jadalni<\/strong> to nie kaprys, ale akt troski o w\u0142asny spok\u00f3j. To nadanie porz\u0105dku codziennemu \u017cyciu.<\/p>\n\n\n\n<p>Najbardziej namacaln\u0105 <strong>korzy\u015bci\u0105 wydzielenia<\/strong> jest dla mnie w\u0142a\u015bnie ta <strong>organizacja przestrzeni<\/strong>. Kiedy jadalnia ma swoje cho\u0107by wirtualne granice, przestaje by\u0107 magazynem na wszystko, co nie ma gdzie le\u017ce\u0107. Badania dotycz\u0105ce ergonomii domu, jak cho\u0107by te prowadzone przez Instytut Wzornictwa Przemys\u0142owego, jasno wskazuj\u0105, \u017ce strefowanie pomaga m\u00f3zgowi si\u0119 \u201eprze\u0142\u0105czy\u0107\u201d \u2013 miejsce do jedzenia kojarzy si\u0119 z posi\u0142kiem, a nie z prac\u0105 czy ba\u0142aganem. Praktyczny przyk\u0142ad? Wystarczy niski rega\u0142 albo <a href=\"https:\/\/allmeblo.pl\/meble-tapicerowane\/kanapy-sofy-tapczany\/\" data-internallinksmanager029f6b8e52c=\"8\" title=\"sofy kanapy\" target=\"_blank\" rel=\"noopener\">kanapa<\/a> ty\u0142em do sto\u0142u. Nagle talerz z kanapk\u0105 nie l\u0105duje ju\u017c na stosie papier\u00f3w przy komputerze, a go\u015bcie przy kolacji nie wpatruj\u0105 si\u0119 w ekran telewizora. To jest w\u0142a\u015bnie ta upragniona <strong>funkcjonalno\u015b\u0107<\/strong>.<\/p>\n\n\n\n<p>My\u015bl\u0119 te\u017c o prywatno\u015bci, kt\u00f3ra w otwartym wn\u0119trzu rozmywa si\u0119 jak cukier w herbacie. Wydzielenie strefy jadalnej daje nam swego rodzaju azyl. Mo\u017cna tu porozmawia\u0107 z rodzin\u0105, gdy inni ogl\u0105daj\u0105 film, mo\u017cna w spokoju popracowa\u0107 nad rachunkami. To drobne, ale jak\u017ce wa\u017cne odseparowanie rytua\u0142\u00f3w. Pami\u0119tam, jak znajoma opowiada\u0142a mi, \u017ce po prostu przesun\u0119\u0142a st\u00f3\u0142 pod okno i doda\u0142a dywanik. \u201eTo jak pok\u00f3j <a href=\"https:\/\/allmeblo.pl\/pomieszczenia\/meble-do-salonu\" data-internallinksmanager029f6b8e52c=\"5\" title=\"Meble do salonu\" target=\"_blank\" rel=\"noopener\">w pokoju<\/a>\u201d \u2013 m\u00f3wi\u0142a. \u201eDzieci wiedz\u0105, \u017ce tu si\u0119 je, a nie bawi klockami. A ja wiem, \u017ce wieczorem usi\u0105d\u0119 w fotelu <a href=\"https:\/\/allmeblo.pl\/pomieszczenia\/meble-do-salonu\" data-internallinksmanager029f6b8e52c=\"5\" title=\"Meble do salonu\" target=\"_blank\" rel=\"noopener\">w salonie<\/a> i nie b\u0119d\u0119 widzie\u0107 tych wszystkich okruszk\u00f3w\u201d.<\/p>\n\n\n\n<p>Wreszcie estetyka, kt\u00f3ra jest chyba najprzyjemniejszym skutkiem ubocznym. Wydzielone strefy pozwalaj\u0105 na gr\u0119 formami i kolorami. Mo\u017cesz mie\u0107 przytuln\u0105, drewnian\u0105 jadalni\u0119 i nowoczesny, minimalistyczny salon. To nadaje wn\u0119trzu g\u0142\u0119bi\u0119, dynamik\u0119, charakter. Nie jest ju\u017c jednym wielkim, p\u0142askim boksem. Jak to zrobi\u0107? Oto kilka sprawdzonych sposob\u00f3w:<\/p>\n\n\n\n<ul class=\"wp-block-list\">\n<li><strong>Meblami:<\/strong> To najprostsza droga. D\u0142ugi, niski rega\u0142 biblioteczny postawiony prostopadle do \u015bciany naturalnie tworzy granic\u0119. <a href=\"https:\/\/allmeblo.pl\/meble-tapicerowane\/kanapy-sofy-tapczany\/\" data-internallinksmanager029f6b8e52c=\"8\" title=\"sofy kanapy\" target=\"_blank\" rel=\"noopener\">Sofa<\/a> z wysokim oparciem, zwr\u00f3cona ty\u0142em do sto\u0142u, dzia\u0142a jak parawan.<\/li>\n\n\n\n<li><strong>\u015awiat\u0142em:<\/strong> Inna lampa nad sto\u0142em (na przyk\u0142ad du\u017cy, dekoracyjny klosz) i inne o\u015bwietlenie punktowe <a href=\"https:\/\/allmeblo.pl\/pomieszczenia\/meble-do-salonu\" data-internallinksmanager029f6b8e52c=\"5\" title=\"Meble do salonu\" target=\"_blank\" rel=\"noopener\">w salonie<\/a> (kinkiety, lampy pod\u0142ogowe) wizualnie rozdziel\u0105 przestrze\u0144.<\/li>\n\n\n\n<li><strong>Wyk\u0142adzin\u0105 pod\u0142ogow\u0105:<\/strong> Dywan pod sof\u0105 i inny, wytrzyma\u0142y i \u0142atwy do czyszczenia, pod sto\u0142em to klasyk, kt\u00f3ry nigdy nie zawodzi.<\/li>\n\n\n\n<li><strong>Kolorem:<\/strong> Pomalowanie jednej \u015bciany w strefie jadalnej na inny, cho\u0107by tylko o ton ciemniejszy, kolor ni\u017c w salonie. To dzia\u0142a natychmiast.<\/li>\n<\/ul>\n\n\n\n<p>Wydzielenie salonu i jadalni w bloku to wi\u0119c nie fanaberia, ale przemy\u015blana strategia na lepsze \u017cycie. To nadanie strukturze mieszkania struktury dnia. I cho\u0107 na planie architektonicznym to wci\u0105\u017c jedno pomieszczenie, w naszej codzienno\u015bci staje si\u0119 dwoma oddzielnymi \u015bwiatami. Jeden do bycia razem, drugi do bycia ze sob\u0105. I to chyba jest najwi\u0119ksza korzy\u015b\u0107.<\/p>\n\n\n\n<h2 class=\"wp-block-heading\"><span class=\"ez-toc-section\" id=\"Mebloscianka_jako_sposob_na_podzial_przestrzeni\"><\/span>Meblo\u015bcianka jako spos\u00f3b na podzia\u0142 przestrzeni<span class=\"ez-toc-section-end\"><\/span><\/h2>\n\n\n\n<p>Przychodzi taki moment, gdy patrzysz na t\u0119 jedn\u0105, wielk\u0105 kawalersk\u0105 przestrze\u0144 swojego blokowego salonu z jadalni\u0105 i my\u015blisz: tu trzeba jako\u015b \u017cy\u0107, a nie tylko istnie\u0107. \u015aciany dzia\u0142owe? Cz\u0119sto nie do ruszenia. I wtedy, jak zbawienna my\u015bl, powraca wspomnienie meblo\u015bcianki z dzieci\u0144stwa. Nie tej ci\u0119\u017ckiej, d\u0119bowej bestii, ale jej wsp\u00f3\u0142czesnej, m\u0105drej krewniaczki. To nie tylko mebel, to gest architektoniczny, kt\u00f3ry samym swoim istnieniem m\u00f3wi: &#8222;tu si\u0119 odpoczywa, a tu spo\u017cywa posi\u0142ki&#8221;. I robi to bez jednego gwo\u017adzia wbitego w sufit.<\/p>\n\n\n\n<p>Praktyka pokazuje, \u017ce kluczem jest uk\u0142ad. Nie stawiaj jej jak muru po\u015brodku! To najcz\u0119stszy b\u0142\u0105d. Prawdziw\u0105 magi\u0119 tworz\u0105 konfiguracje otwarte. Wyobra\u017a sobie meblo\u015bciank\u0119 w kszta\u0142cie litery &#8222;L&#8221; lub &#8222;U&#8221;, kt\u00f3ra jednym ramieniem przytula kanap\u0119, tworz\u0105c intymny zak\u0105tek salonu, a drugim delikatnie zaznacza granic\u0119 sto\u0142u. Albo konstrukcj\u0119 z prze\u015bwitem \u2013 solidny segment na dole na zastaw\u0119 i ksi\u0105\u017cki, a nad nim a\u017curowa p\u00f3\u0142ka, przez kt\u00f3r\u0105 \u015bwiat\u0142o i spojrzenia wci\u0105\u017c mog\u0105 w\u0119drowa\u0107. To rozwi\u0105zanie dla ma\u0142ych metra\u017cy jest bezcenne; nie zabiera przestrzeni, a jedynie j\u0105 organizuje. Pami\u0119taj o g\u0142\u0119boko\u015bci. Segmenty o g\u0142\u0119boko\u015bci 40-45 cm to strefa magazynowa, a p\u0142ytsze, 25-30 cm, to czysta dekoracja. Po\u0142\u0105czenie obu daje rytm i lekko\u015b\u0107.<\/p>\n\n\n\n<p>Materia\u0142y? Tu musz\u0119 wyrazi\u0107 swoj\u0105 s\u0142abo\u015b\u0107 do naturalnego forniru d\u0119bowego lub sosnowego. Ma dusz\u0119, ciep\u0142o, opowiada histori\u0119 s\u0142ojami. Ale wiem, \u017ce w blokowej rzeczywisto\u015bci kr\u00f3luje p\u0142yta MDF, laminowana lub oklejana. I to jest w porz\u0105dku, bo oferuje niesko\u0144czon\u0105 palet\u0119 kolor\u00f3w, od bieli optycznie powi\u0119kszaj\u0105cej, po g\u0142\u0119bokie zielenie czy grafit, kt\u00f3re dodadz\u0105 charakteru. Nowoczesne meblo\u015bcianki cz\u0119sto \u0142\u0105cz\u0105 materia\u0142y: matowy laminat, szk\u0142o, metalowe n\u00f3\u017cki. To ju\u017c nie jest ten sam mebel co dawniej.<\/p>\n\n\n\n<p>Zalety s\u0105 namacalne. To przede wszystkim <strong>funkcjonalno\u015b\u0107 3w1<\/strong>: dzieli, przechowuje i dekoruje. Daje poczucie porz\u0105dku i intymno\u015bci bez inwestycji w remont. Ale s\u0105 i wady, o kt\u00f3rych trzeba m\u00f3wi\u0107. Taka konstrukcja, zw\u0142aszcza ta solidna, &#8222;zamyka&#8221; przestrze\u0144. W bardzo ma\u0142ym mieszkaniu mo\u017ce uczyni\u0107 wn\u0119trze ciasnym. I cho\u0107 jest mobilna, to jej przestawienie to nie jest prosta sprawa, to ma\u0142a przeprowadzka. Dlatego dla malutkich przestrzeni proponuj\u0119 raczej niskie, d\u0142ugie komody lub a\u017curowe rega\u0142y, kt\u00f3re dzia\u0142aj\u0105 jak przestrzenny przecinek w zdaniu, a nie kropka.<\/p>\n\n\n\n<p>Moja rada? Zanim cokolwiek zam\u00f3wisz, we\u017a ta\u015bm\u0119 malarsk\u0105 i zaznacz na pod\u0142odze planowany obrys meblo\u015bcianki. Przechod\u017a przez t\u0119 lini\u0119, siadaj na &#8222;kanapie&#8221;, patrz z &#8222;jadalni&#8221;. Przez trzy dni. Poczu\u0107 przestrze\u0144 to pierwszy krok do tego, by j\u0105 m\u0105drze podzieli\u0107. Jak mawia\u0142 pewien m\u0105dry projektant: &#8222;Meble to nie tylko przedmioty, to narz\u0119dzia do kszta\u0142towania codzienno\u015bci&#8221;. Meblo\u015bcianka jest tego doskona\u0142ym dowodem \u2013 niepozornym, ale niezwykle skutecznym.<\/p>\n\n\n\n<h2 class=\"wp-block-heading\"><span class=\"ez-toc-section\" id=\"Regaly_i_polki_%E2%80%93_lekkie_wydzielenie_stref\"><\/span>Rega\u0142y i p\u00f3\u0142ki &#8211; lekkie wydzielenie stref<span class=\"ez-toc-section-end\"><\/span><\/h2>\n\n\n\n<p>Wydaje mi si\u0119, \u017ce to w\u0142a\u015bnie one s\u0105 najwdzi\u0119czniejszymi, a przy tym najmniej inwazyjnymi stra\u017cnikami przestrzeni. Mury dziel\u0105 na zawsze, a rega\u0142? Rega\u0142 tylko sugeruje. Pozwala \u015bwiat\u0142u i spojrzeniom przep\u0142ywa\u0107 dalej, a jednocze\u015bnie szeptem m\u00f3wi: tu ko\u0144czy si\u0119 <a href=\"https:\/\/allmeblo.pl\/meble-tapicerowane\/kanapy-sofy-tapczany\/\" data-internallinksmanager029f6b8e52c=\"8\" title=\"sofy kanapy\" target=\"_blank\" rel=\"noopener\">kanapa<\/a> i fili\u017canka herbaty, a tu zaczyna st\u00f3\u0142 i talerz. To jest w\u0142a\u015bnie ta lekko\u015b\u0107, o kt\u00f3rej marzymy w bloku \u2013 poczucie porz\u0105dku bez dusz\u0105cej klatki.<\/p>\n\n\n\n<p>Praktyka pokazuje, \u017ce kluczem jest wyb\u00f3r konstrukcji. Otwarty rega\u0142, ten bez grzbietu, dzia\u0142a jak doskona\u0142a, a\u017curowa przegroda. Mo\u017cesz go ustawi\u0107 prostopadle do \u015bciany, tworz\u0105c symboliczn\u0105 lini\u0119 podzia\u0142u. Pami\u0119taj, by nie by\u0142 zbyt wysoki \u2013 optymalnie oko\u0142o 120 do 140 centymetr\u00f3w. Taka wysoko\u015b\u0107 zachowuje poczucie jedno\u015bci pomieszczenia, nie zabierze \u015bwiat\u0142a, a jednocze\u015bnie skutecznie oddzieli. Z obu stron zyskujesz przy okazji cenn\u0105 powierzchni\u0119: od strony salonu na ksi\u0105\u017cki i dekoracje, od strony jadalni \u2013 na serwisy czy butelki z oliw\u0105. To nie jest mebel, to jest akt dworskiej dyplomacji w\u015br\u00f3d stref.<\/p>\n\n\n\n<p>Co na te p\u00f3\u0142ki w\u0142o\u017cy\u0107? To ju\u017c pole dla Twojego chaosu i upodoba\u0144. Proponuj\u0119 jednak pewien system, kt\u00f3ry sprawdza si\u0119 w moim odczuciu znakomicie:<\/p>\n\n\n\n<ul class=\"wp-block-list\">\n<li><strong>Warstwa dolna, solidna:<\/strong> kosze na drobiazgi, pude\u0142ka, grube albumy. To podstawa, kt\u00f3ra wizualnie &#8222;kotwiczy&#8221; mebel.<\/li>\n\n\n\n<li><strong>Warstwa \u015brodkowa, \u017cywa:<\/strong> tu zielone ro\u015bliny pn\u0105ce (epipremnum, scindapsus), kt\u00f3re b\u0119d\u0105 pi\u0119\u0142y si\u0119 w stron\u0119 salonu lub jadalni, splataj\u0105c obie strefy. Do tego przedmioty codziennego u\u017cytku z obu stref.<\/li>\n\n\n\n<li><strong>Warstwa g\u00f3rna, lekka:<\/strong> przezroczyste szk\u0142o, pojedyncze ceramiczne formy, pustka. Ta pustka jest tu najwa\u017cniejsza \u2013 to ona odpowiada za przepuszczalno\u015b\u0107.<\/li>\n<\/ul>\n\n\n\n<p>Mo\u017cesz te\u017c p\u00f3j\u015b\u0107 o krok dalej i zamiast jednego masywnego rega\u0142u, ustawi\u0107 dwa mniejsze, lu\u017ano zestawione bok obok boku, tworz\u0105c mi\u0119dzy nimi przej\u015bcie. Albo u\u017cy\u0107 serii w\u0105skich, wysokich p\u00f3\u0142ek przypominaj\u0105cych biblioteczn\u0105 drabink\u0119. To ju\u017c jest zabieg dla odwa\u017cnych, bo wprowadza pewien rytm, prawie muzyczny. Eksperci od ergonomii przestrzeni, jak Sarah Susanka, autorka &#8222;The Not So Big House&#8221;, cz\u0119sto powtarzaj\u0105, \u017ce &#8222;granica to nie bariera, a miejsce spotka\u0144&#8221;. I w\u0142a\u015bnie tak traktuj ten rega\u0142 \u2013 jako miejsce spotkania twojego relaksu z twoim posi\u0142kiem.<\/p>\n\n\n\n<p>I na koniec ma\u0142a, osobista dygresja. Czasem wystarczy jedna d\u0142uga, wisz\u0105ca p\u00f3\u0142ka, biegn\u0105ca przez ca\u0142y pok\u00f3j. Na niej ustawiasz od strony salonu \u015bwieczki, a od strony sto\u0142u solniczk\u0119. To takie delikatne narysowanie linii o\u0142\u00f3wkiem, kt\u00f3re w ka\u017cdej chwili mo\u017cna wymaza\u0107. W ma\u0142ej przestrzeni to cz\u0119sto najlepsze rozwi\u0105zanie \u2013 nie zabiera centymetra pod\u0142ogi, a robi swoje. Po prostu.<\/p>\n\n\n\n<h2 class=\"wp-block-heading\"><span class=\"ez-toc-section\" id=\"Stolowa_aranzacja_%E2%80%93_jak_ustawic_meble_w_jadalni\"><\/span>Sto\u0142owa aran\u017cacja &#8211; jak ustawi\u0107 meble w jadalni?<span class=\"ez-toc-section-end\"><\/span><\/h2>\n\n\n\n<p>Czasem my\u015bl\u0119, \u017ce st\u00f3\u0142 to serce domu, a jego ustawienie to jak wyb\u00f3r miejsca dla tego serca. Nie mo\u017ce by\u0107 przypadkowe, musi bi\u0107 w rytm naszego \u017cycia. W bloku, gdzie ka\u017cdy centymetr kwadratowy ma znaczenie, to niemal akt filozoficzny. Nie chodzi przecie\u017c tylko o to, \u017ceby si\u0119 zmie\u015bci\u0142. Chodzi o to, \u017ceby zaprasza\u0142.<\/p>\n\n\n\n<p>Zacznijmy od podstaw, od tych suchych, ale koniecznych liczb, kt\u00f3re s\u0105 jak szkielet pod mi\u0119kk\u0105 tkank\u0119 codzienno\u015bci. Przyjmuje si\u0119, \u017ce dla jednej osoby przy stole potrzeba oko\u0142o 60 centymetr\u00f3w szeroko\u015bci. Standardowa g\u0142\u0119boko\u015b\u0107 krzes\u0142a to z kolei 50-55 cm. To znaczy, \u017ce aby komfortowo wsta\u0107 od sto\u0142u, potrzebujesz za krzes\u0142em kolejnych 80, a najlepiej 100 centymetr\u00f3w przestrzeni. Je\u015bli za plecami ma by\u0107 szafa lub przej\u015bcie do innej strefy, to ju\u017c 120 cm. Zapami\u0119taj te cyfry, one s\u0105 kluczowe. St\u00f3\u0142 o wymiarach 160 na 90 cm pomie\u015bci wygodnie sze\u015b\u0107 os\u00f3b, ale w w\u0105skiej jadalni lepiej sprawdzi si\u0119 wyd\u0142u\u017cony, 140 na 80 cm, ustawiony wzd\u0142u\u017c \u015bciany. To moja ulubiona rada dla w\u0105skich przestrzeni: stawiasz st\u00f3\u0142 wzd\u0142u\u017c d\u0142u\u017cszej \u015bciany, z krzes\u0142ami tylko po jednej, d\u0142u\u017cszej stronie i po dwa od ko\u0144c\u00f3w. Zyskujesz przestrze\u0144 do przej\u015bcia i nie czujesz si\u0119 jak w kolejce.<\/p>\n\n\n\n<p>Kszta\u0142t sto\u0142u to kolejna opowie\u015b\u0107. Okr\u0105g\u0142y st\u00f3\u0142 to symbol demokracji i blisko\u015bci, znakomicie sprawdza si\u0119 w k\u0105cie, ale bywa kapry\u015bny w ciasnych, w\u0105skich pomieszczeniach. Prostok\u0105tny to klasyk, kt\u00f3ry \u0142atwo dopasowa\u0107 do \u015bciany. A kwadratowy? Hm, bywa intymny przy czterech osobach, ale przy wi\u0119kszej liczbie go\u015bci ko\u0144ce sto\u0142u staj\u0105 si\u0119 niedost\u0119pne, jak odleg\u0142e l\u0105dy. Pami\u0119taj te\u017c o odleg\u0142o\u015bciach od innych stref. Mi\u0119dzy sto\u0142em a sof\u0105 w salonie zostaw przynajmniej metr, to taka magiczna granica, kt\u00f3ra pozwala na swobodny przep\u0142yw mi\u0119dzy uczt\u0105 a odpoczynkiem. Je\u015bli jadalnia graniczy z kuchni\u0105, upewnij si\u0119, \u017ce droga z piekarnika na st\u00f3\u0142 jest prosta i bezpieczna, bez ostrych zakr\u0119t\u00f3w wok\u00f3\u0142 mebli.<\/p>\n\n\n\n<p>Oto kilka konkretnych przyk\u0142ad\u00f3w, kt\u00f3re lubi\u0119 podawa\u0107, bo \u017cycie sk\u0142ada si\u0119 z przypadk\u00f3w:<\/p>\n\n\n\n<ul class=\"wp-block-list\">\n<li><strong>D\u0142ugi korytarzowy pok\u00f3j:<\/strong> Ustaw st\u00f3\u0142 prostok\u0105tny po\u015brodku kr\u00f3tszej \u015bciany, tworz\u0105c wyra\u017an\u0105 poprzeczn\u0105 stref\u0119 jadalni. Za plecami krzese\u0142 od strony salonu postaw niski rega\u0142, kt\u00f3ry wizualnie oddzieli przestrze\u0144 bez zabierania \u015bwiat\u0142a.<\/li>\n\n\n\n<li><strong>Malutki aneks:<\/strong> Tutaj ratunkiem jest st\u00f3\u0142 rozk\u0142adany, konsolowy, kt\u00f3ry na co dzie\u0144 zajmuje niewiele miejsca przy \u015bcianie, a na go\u015bci rozk\u0142ada skrzyd\u0142a. Obok niego krzes\u0142a, kt\u00f3re wsuwaj\u0105 si\u0119 ca\u0142kowicie pod blat.<\/li>\n\n\n\n<li><strong>Przestrze\u0144 otwarta:<\/strong> Je\u015bli salon z jadalni\u0105 to jedno wielkie pomieszczenie, spr\u00f3buj ustawi\u0107 st\u00f3\u0142 pod k\u0105tem do g\u0142\u00f3wnej osi pokoju. To prosta sztuczka, kt\u00f3ra \u0142amie schemat i wydziela jadalni\u0119 nie liniami, a w\u0142a\u015bnie tym lekkim, geometrycznym zabiegiem.<\/li>\n<\/ul>\n\n\n\n<p>Na koniec najwa\u017cniejsza, cho\u0107 niematerialna rada. Po wymierzeniu wszystzego centymetrem, usi\u0105d\u017a. Wyci\u0105gnij nogi. Obr\u00f3\u0107 si\u0119. Czy czujesz swobod\u0119? Czy ten st\u00f3\u0142 czeka na biesiad\u0119, a krzes\u0142o na d\u0142ug\u0105 rozmow\u0119? Meble sto\u0142owe to nie tylko przedmioty, to stra\u017cnicy rytua\u0142u wsp\u00f3lnego posi\u0142ku. Ustaw je tak, \u017ceby ten rytua\u0142 by\u0142 prawdziwy, a nie tylko konieczny.<\/p>\n\n\n\n<h2 class=\"wp-block-heading\"><span class=\"ez-toc-section\" id=\"Kanapa_i_sofa_%E2%80%93_strefa_relaksu_w_salonie\"><\/span>Kanapa i sofa &#8211; strefa relaksu w salonie<span class=\"ez-toc-section-end\"><\/span><\/h2>\n\n\n\n<p>Wszystko zaczyna si\u0119 od tego jednego mebla, od tego mi\u0119kkiego serca przestrzeni. Bo kanapa, czy to szeroka sofa, to nie tylko miejsce do siedzenia. To przysta\u0144, wyspa, na kt\u00f3rej l\u0105duje si\u0119 po ca\u0142ym dniu. Wyb\u00f3r jej to sprawa niemal intymna, a w ma\u0142ym salonie z jadalni\u0105 \u2013 strategiczna. Musi by\u0107 jak dobra s\u0105siadka: przytulna, ale nie nachalna, zajmuj\u0105ca swoje, ale pozostawiaj\u0105ca troch\u0119 powietrza dooko\u0142a.<\/p>\n\n\n\n<p>Pozycjonowanie? To stara magia geometrii i \u015bwiat\u0142a. W bloku okna s\u0105 cz\u0119sto jedynym \u017ar\u00f3d\u0142em dziennego pi\u0119kna, wi\u0119c ustaw kanap\u0119 przodem lub bokiem do nich. Nie plecami. To fundamentalne. Tworzy si\u0119 wtedy naturalna rama dla \u017cycia, a ty masz widok na niebo, a nie na \u015blep\u0105 \u015bcian\u0119. Pami\u0119taj o zachowaniu swobodnej drogi komunikacji, minimum 60-70 centymetr\u00f3w, to nie jest luksus, to konieczno\u015b\u0107, by przestrze\u0144 nie dusi\u0142a. W ma\u0142ych salonach sprawdza si\u0119 zasada \u201ep\u0142ytszy jest lepszy\u201d \u2013 modele o g\u0142\u0119boko\u015bci siedzenia 80-85 cm zamiast standardowych 90-95 potrafi\u0105 zdzia\u0142a\u0107 cuda dla poczucia przestrzeni.<\/p>\n\n\n\n<p>Oto jak o\u017cywi\u0107 t\u0119 stref\u0119, krok po kroku. Najpierw postaw kanap\u0119. Potem, w odleg\u0142o\u015bci wyci\u0105gni\u0119tej r\u0119ki (m\u00f3wi si\u0119 o 30-40 cm), ustaw stolik kawowy. On jest jak wierny pies tego miejsca \u2013 zawsze pod r\u0119k\u0105. Wybierz lekki, mo\u017ce nawet przezroczysty (ze szk\u0142a lub pleksi), albo z p\u00f3\u0142k\u0105, by nie wizualnie nie zagraca\u0107 pod\u0142ogi. Nast\u0119pnie pod\u0142\u00f3\u017c pod ca\u0142o\u015b\u0107 dywan. To genialny trik, kt\u00f3ry wizualnie \u201eprzykleja\u201d stref\u0119 relaksu do pod\u0142ogi, wyodr\u0119bniaj\u0105c j\u0105 od reszty. Jego rozmiar? Powinien by\u0107 na tyle du\u017cy, by przednie nogi kanapy i foteli na nim sta\u0142y. Standard to cz\u0119sto 160&#215;230 cm lub 200&#215;300 cm dla wi\u0119kszych uk\u0142ad\u00f3w.<\/p>\n\n\n\n<ul class=\"wp-block-list\">\n<li><strong>Dodatki, kt\u00f3re scalaj\u0105:<\/strong> niska lampa stoj\u0105ca lub pod\u0142ogowa do czytania, koc w zasi\u0119gu r\u0119ki, kilka poduszek o r\u00f3\u017cnej fakturze (we\u0142na, aksamit, len) \u2013 nie dla dekoracji, ale dla wygody.<\/li>\n\n\n\n<li><strong>Dla bardzo ma\u0142ych przestrzeni:<\/strong> rozwa\u017c kanap\u0119 na wysokich n\u00f3\u017ckach. Powstaj\u0105ca pod ni\u0105 prze\u015bwit optycznie powi\u0119ksza pok\u00f3j. Albo model z funkcj\u0105 spania dla go\u015bci \u2013 dwa w jednym, oszcz\u0119dno\u015b\u0107 miejsca to najcenniejsza waluta w bloku.<\/li>\n\n\n\n<li><strong>Praktyczna dygresja:<\/strong> materia\u0142 obicia. Je\u015bli masz zwierz\u0119ta lub dzieci, mikrofibra lub welur b\u0119d\u0105 wybaczalsze ni\u017c len. A g\u0142\u0119boko\u015b\u0107 siedziska poni\u017cej 90 cm cz\u0119sto oznacza te\u017c wygodniejsze wstawanie.<\/li>\n<\/ul>\n\n\n\n<p>I na koniec ta ulotna my\u015bl: strefa relaksu to nie tylko meble. To miejsce, gdzie \u015bwiat\u0142o jest mi\u0119kkie wieczorem, gdzie kubek stoi bezpiecznie na stole, a ty mo\u017cesz si\u0119 zwin\u0105\u0107 w k\u0142\u0119bek bez my\u015blenia o tym, \u017ce za twoimi plecami czeka jadalnia. Chodzi o stworzenie takiego poczucia, \u017ce cho\u0107 przestrze\u0144 jest otwarta, ten k\u0105t m\u00f3wi tylko jedno: odpocznij. To si\u0119 udaje, gdy ka\u017cdy element, od rozmiaru dywanu po wysoko\u015b\u0107 n\u00f3\u017cek sofy, jest przemy\u015blany nie jako dekoracja, ale jako zaproszenie do bycia sob\u0105.<\/p>\n\n\n\n<h2 class=\"wp-block-heading\"><span class=\"ez-toc-section\" id=\"Oswietlenie_%E2%80%93_klucz_do_wydzielenia_stref\"><\/span>O\u015bwietlenie &#8211; klucz do wydzielenia stref<span class=\"ez-toc-section-end\"><\/span><\/h2>\n\n\n\n<p>Meble stawiamy, przesuwamy, ale to \u015bwiat\u0142o tak naprawd\u0119 rze\u017abi przestrze\u0144. Ono decyduje, czy ten sam metr kwadratowy pod\u0142ogi w bloku poczujemy jako przytulny k\u0105t do czytania, czy jako elegancki st\u00f3\u0142 od \u015bwi\u0105tecznych obiad\u00f3w. Bez niego nawet najsprytniej ustawiona sofa b\u0119dzie tylko meblem na \u015brodku pokoju. I tu rodzi si\u0119 moja w\u0105tpliwo\u015b\u0107 \u2013 czy nie za cz\u0119sto traktujemy lamp\u0119 jako ostatni, dekoracyjny dodatek, a nie fundament aran\u017cacji? To b\u0142\u0105d, kt\u00f3ry czu\u0107 szczeg\u00f3lnie w ma\u0142ych mieszkaniach, gdzie ka\u017cdy promie\u0144 musi pracowa\u0107.<\/p>\n\n\n\n<p>Pomy\u015bl o tym tak: salon potrzebuje \u015bwiat\u0142a rozproszonego, mi\u0119kkiego, kt\u00f3re wylewa si\u0119 jak ciep\u0142a herbata i wype\u0142nia k\u0105ty. Do tego idealne s\u0105 kinkiety zamontowane na \u015bcianie za kanap\u0105, najlepiej z mo\u017cliwo\u015bci\u0105 regulacji k\u0105ta padania. Daj\u0105 blask, kt\u00f3ry nie o\u015blepia, a tworzy aur\u0119. Z kolei nad jadalni\u0105 obowi\u0105zkowo zawisn\u0105\u0107 musi lampa wisz\u0105ca. Kluczowa jest tu wysoko\u015b\u0107 \u2013 dane s\u0105 nieub\u0142agane, jej dolna kraw\u0119d\u017a powinna znajdowa\u0107 si\u0119 70-90 cm nad blatem sto\u0142u. To nie jest kaprys, to fizjologia. Ni\u017cej b\u0119dzie przeszkadza\u0107, wy\u017cej \u2013 rozproszy magi\u0119 wsp\u00f3lnego posi\u0142ku. Wybierz model, kt\u00f3ry kieruje \u015bwiat\u0142o w d\u00f3\u0142, na zastaw\u0119, jak rama obrazu.<\/p>\n\n\n\n<p>Ale to nie koniec sztuczek. Prawdziwym sekretem s\u0105 <strong>strefy \u015bwietlne<\/strong> sterowane oddzielnie. W\u0142\u0105czasz jeden obw\u00f3d \u2013 i ju\u017c jeste\u015b w salonie przy filmie. Drugi \u2013 i centrum \u017cycia staje si\u0119 st\u00f3\u0142. To rozwi\u0105zanie, kt\u00f3re polecam zawsze przy remoncie, bo daje niezwyk\u0142\u0105 kontrol\u0119. A co, je\u015bli remont ju\u017c za nami? Wtedy ratunkiem jest <strong>o\u015bwietlenie punktowe<\/strong>: niskie lampki sto\u0142owe na szafkach, ledowe ta\u015bmy pod p\u00f3\u0142kami, kt\u00f3re jakby odspajaj\u0105 je od \u015bciany. Widzia\u0142am raz takie rozwi\u0105zanie w kawalerce i efekt by\u0142\u2026 no, po prostu m\u0105dry. Przestrze\u0144 zyska\u0142a g\u0142\u0119bi\u0119, a bez fizycznych przegr\u00f3d sta\u0142a si\u0119 czytelna.<\/p>\n\n\n\n<p>Podsumowuj\u0105c, oto moja praktyczna lista, ma\u0142y dekalog \u015bwiat\u0142a dla salonu z jadalni\u0105 w bloku:<\/p>\n\n\n\n<ul class=\"wp-block-list\">\n<li>Zainwestuj w trzy rodzaje o\u015bwietlenia: og\u00f3lne (sufitowe, rozproszone), zadaniowe (nad sto\u0142em, przy fotelu do czytania) i nastrojowe (kinkiety, lampki pod\u0142ogowe).<\/li>\n\n\n\n<li>Nad sto\u0142em jadalnianym zawie\u015b lamp\u0119 o \u015brednicy oko\u0142o po\u0142owy szeroko\u015bci blatu \u2013 to zapewni harmonijn\u0105 proporcj\u0119.<\/li>\n\n\n\n<li>U\u017cyj \u017car\u00f3wek o ciep\u0142ej barwie \u015bwiat\u0142a (2700-3000 Kelvin\u00f3w), to domowa, przyjazna temperatura, w przeciwie\u0144stwie do ch\u0142odnego, biurowego b\u0142\u0119kitu.<\/li>\n\n\n\n<li>Je\u015bli mo\u017cesz, zamontuj \u015bciemniacze. One nie tyle reguluj\u0105 jasno\u015b\u0107, co nastr\u00f3j, pozwalaj\u0105c jednym ruchem palca przej\u015b\u0107 z energicznego popo\u0142udnia w leniwy wiecz\u00f3r.<\/li>\n<\/ul>\n\n\n\n<p>Pami\u0119taj, \u015bwiat\u0142o to najsubtelniejszy, a zarazem najpot\u0119\u017cniejszy mebel, jaki posiadasz. Nie dzieli ono przestrzeni tward\u0105 lini\u0105, ale sugesti\u0105, nastrojem. I to w\u0142a\u015bnie jest pi\u0119kne.<\/p>\n\n\n\n<h2 class=\"wp-block-heading\"><span class=\"ez-toc-section\" id=\"Kolory_i_tekstury_%E2%80%93_wizualne_oddzielenie_przestrzeni\"><\/span>Kolory i tekstury &#8211; wizualne oddzielenie przestrzeni<span class=\"ez-toc-section-end\"><\/span><\/h2>\n\n\n\n<p>M\u00f3wi\u0105, \u017ce \u015bciany maj\u0105 uszy. Ja bym doda\u0142a, \u017ce maj\u0105 te\u017c niezwyk\u0142\u0105 moc kreowania przestrzeni, zw\u0142aszcza tej w bloku, gdzie ka\u017cdy centymetr kwadratowy jest na wag\u0119 z\u0142ota i marze\u0144. U\u017cywanie kolor\u00f3w i tekstur to nie czary, to raczej \u015bwiadome malowanie powietrza, kt\u00f3re nas otacza. To sztuka, kt\u00f3ra pozwala, by salon z jadalni\u0105 \u017cy\u0142y w zgodzie, a nie w jednym, wielkim, bezkszta\u0142tnym pokoju. I wierzcie mi, to nie wymaga wielkich inwestycji, a jedynie odrobiny \u015bmia\u0142o\u015bci i zrozumienia kilku prostych zasad.<\/p>\n\n\n\n<p>Zacznijmy od koloru, bo to on pierwszy przemawia do naszej pod\u015bwiadomo\u015bci. W ma\u0142ym mieszkaniu cz\u0119sto boimy si\u0119 ciemnych barw, a to b\u0142\u0105d. G\u0142\u0119boka, butelkowa ziele\u0144 na \u015bcianie za sof\u0105, czy ciep\u0142y, ziemisty bordo za sto\u0142em jadalnianym nie zmniejsz\u0105 przestrzeni, a j\u0105 <strong>u\u0142adz\u0105 i wydziel\u0105<\/strong>. To jak postawienie niewidzialnej \u015bciany. Kluczem jest kontrast, ale nie jaskrawy, tylko tonalny. Je\u015bli g\u0142\u00f3wny k\u0105t wypoczynkowy utrzymasz w jasnych, neutralnych be\u017cach, to \u015bciana akcentowa w strefie jadalni w odcieniu spienionej czekolady stworzy naturaln\u0105 granic\u0119. Pami\u0119taj o jednym: w jednej przestrzeni nie powinno by\u0107 wi\u0119cej ni\u017c dwa, trzy intensywne kolory, inaczej zamiest spokoju, stworzysz chaos, kt\u00f3ry tylko podkre\u015bli ciasnot\u0119.<\/p>\n\n\n\n<p>A tekstury? To muzyka dla naszych d\u0142oni i oczu. One dodaj\u0105 g\u0142\u0119bi tam, gdzie fizycznie jej nie ma. Pomy\u015bl o tym tak: g\u0142adka, pomalowana \u015bciana salonu, a obok niej fragment \u015bciany w strefie jadalni pokryty tapet\u0105 z subtelnym, wypuk\u0142ym wzorem ry\u017cu lub delikatnym, lnianym faktura\u0142em. To ju\u017c jest podzia\u0142. Pod\u0142oga te\u017c mo\u017ce pom\u00f3c. Gruby, puszysty dywan pod kanap\u0105 definiuje stref\u0119 relaksu, podczas gdy pod sto\u0142em jadalnianym mo\u017cesz po\u0142o\u017cy\u0107 mniejszy, ale o wyra\u017anej, geometrycznej strukturze, na przyk\u0142ad z sizalu. To nie tylko praktyczne, ale i bardzo zmys\u0142owe rozwi\u0105zanie.<\/p>\n\n\n\n<p>Chc\u0119 wam poda\u0107 bardzo konkretny przyk\u0142ad, kt\u00f3ry sama widzia\u0142am i kt\u00f3ry zapad\u0142 mi w pami\u0119\u0107. W jednym z mieszka\u0144 o powierzchni zaledwie 42 m\u00b2 zastosowano genialnie prosty trik. Stref\u0119 dzienn\u0105 pozostawiono w jasnym, ch\u0142odnym odcieniu szaro\u015bci, a k\u0105cik jadalniany, oddzielony jedynie nisk\u0105 biblioteczk\u0105, pomalowano farb\u0105 kredow\u0105 w kolorze \u0142agodnego ugru. Na stole le\u017ca\u0142 obrus z grubego, niebielonego lnu, a na pod\u0142odze \u2013 okr\u0105g\u0142y dywanik o wzorze przypominaj\u0105cym kor\u0119 drzewa. Efekt? Granica by\u0142a tak czytelna, jakby kto\u015b narysowa\u0142 j\u0105 o\u0142\u00f3wkiem, a ca\u0142o\u015b\u0107 oddycha\u0142a ciep\u0142em i spokojem. To dow\u00f3d, \u017ce <strong>kluczowe jest po\u0142\u0105czenie koloru z materia\u0142em<\/strong>.<\/p>\n\n\n\n<p>Podsumowuj\u0105c, moja rada jest taka: nie b\u00f3jcie si\u0119 eksperymentowa\u0107, ale r\u00f3bcie to z g\u0142ow\u0105. Zanim kupicie farb\u0119, we\u017acie du\u017c\u0105 pr\u00f3bk\u0119 i przyklejcie j\u0105 na \u015bcian\u0119, obserwujcie j\u0105 o r\u00f3\u017cnych porach dnia. Dotknijcie tapety, zanim j\u0105 zam\u00f3wicie. Pami\u0119tajcie, \u017ce w ma\u0142ej przestrzeni wszystko jest ze sob\u0105 w bliskiej relacji. Harmonii szukajcie w powtarzalno\u015bci \u2013 je\u015bli w salonie macie drewniane elementy, niech pojawi\u0105 si\u0119 te\u017c, cho\u0107by w formie blat\u00f3w czy n\u00f3g krzese\u0142, w jadalni. To spoi ca\u0142o\u015b\u0107. W ko\u0144cu chodzi o to, by nasze mieszkanie, ten nasz wycinek \u015bwiata w bloku, sta\u0142 si\u0119 opowie\u015bci\u0105 napisan\u0105 kolorem i dotykiem, a nie tylko zbiorem funkcjonalnych mebli.<\/p>\n\n\n\n<h2 class=\"wp-block-heading\"><span class=\"ez-toc-section\" id=\"Meble_wielofunkcyjne_%E2%80%93_oszczednosc_miejsca_w_bloku\"><\/span>Meble wielofunkcyjne &#8211; oszcz\u0119dno\u015b\u0107 miejsca w bloku<span class=\"ez-toc-section-end\"><\/span><\/h2>\n\n\n\n<p>Przyznam szczerze, \u017ce zawsze patrzy\u0142am na ma\u0142e metra\u017ce z mieszanym uczuciem: claustrofobii i podziwu dla ludzkiej pomys\u0142owo\u015bci. To w\u0142a\u015bnie w blokach, gdzie ka\u017cdy centymetr kwadratowy jest na wag\u0119 z\u0142ota, meble przestaj\u0105 by\u0107 tylko rzeczami, a staj\u0105 si\u0119 strategi\u0105 na \u017cycie. Meble wielofunkcyjne to nie chwyt marketingowy, to konieczno\u015b\u0107, kt\u00f3ra przeradza si\u0119 w sztuk\u0119. I wcale nie musz\u0105 by\u0107 banalne.<\/p>\n\n\n\n<p>We\u017amy na przyk\u0142ad st\u00f3\u0142. Zwyk\u0142y, czterono\u017cny byt. A teraz pomy\u015bl o stole, kt\u00f3ry jest te\u017c konsol\u0105, a po odchyleniu blatu zmienia si\u0119 w przestronn\u0105 przestrze\u0144 dla sze\u015bciu os\u00f3b. To nie magia, to po prostu dobre, precyzyjne zawiasy i mechanizm, kt\u00f3ry wytrzyma lata. Praktyczna rada? Szukaj\u0105c sto\u0142u rozk\u0142adanego, zwr\u00f3\u0107 uwag\u0119 nie tylko na wymiary zamkni\u0119te, ale i na <strong>g\u0142\u0119boko\u015b\u0107 szuflady lub schowka w podstawie<\/strong> \u2013 to tam schowasz obrus i serwetki. Badania ergonomii wn\u0119trz wskazuj\u0105, \u017ce optymalna wysoko\u015b\u0107 sto\u0142u jadalnianego to 75 cm, a dla przestrzeni blatu na osob\u0119 warto zapewni\u0107 minimum 60 cm szeroko\u015bci. Te dane s\u0105 kluczowe, by mebel 2w1 by\u0142 naprawd\u0119 funkcjonalny.<\/p>\n\n\n\n<p>Moja ulubiona kategoria to rega\u0142y, kt\u00f3re udaj\u0105 co\u015b wi\u0119cej. Widzia\u0142am kiedy\u015b konstrukcj\u0119, gdzie zwyk\u0142e p\u00f3\u0142ki na ksi\u0105\u017cki kry\u0142y w sobie minibarek z o\u015bwietleniem LED i schowkiem na butelki. To by\u0142 moment ol\u015bnienia. Takie rozwi\u0105zanie nie tylko wydziela stref\u0119 relaksu, ale te\u017c dodaje charakteru. Je\u015bli planujesz co\u015b podobnego, oto ma\u0142a instrukcja:<\/p>\n\n\n\n<ul class=\"wp-block-list\">\n<li>Zmierz dok\u0142adnie przestrze\u0144, zw\u0142aszcza g\u0142\u0119boko\u015b\u0107. Rega\u0142 z barkiem potrzebuje zwykle g\u0142\u0119boko\u015bci min. 40 cm.<\/li>\n\n\n\n<li>Sprawd\u017a no\u015bno\u015b\u0107 p\u00f3\u0142ek \u2013 butelki i szk\u0142o s\u0105 ci\u0119\u017ckie.<\/li>\n\n\n\n<li>Zdecyduj, czy bark ma by\u0107 otwarty, czy z frontem. Otwarty jest bardziej dekoracyjny, zamkni\u0119ty ukryje \u201eludzki chaos\u201d niedomytych szklanek.<\/li>\n<\/ul>\n\n\n\n<p>A kanapa? Kanapa, kt\u00f3ra w ci\u0105gu dnia gromadzi rodzin\u0119 przed filmem, a noc\u0105, po prostym roz\u0142o\u017cenu, daje wygodne <a href=\"https:\/\/allmeblo.pl\/meble-tapicerowane\/lozka-do-spania-sypialnia\/lozka-tapicerowane\/\" data-internallinksmanager029f6b8e52c=\"9\" title=\"\u0141\u00f3\u017cka tapicerowane\">\u0142\u00f3\u017cko<\/a> dla go\u015bci. Producenci, kt\u00f3rych warto \u015bledzi\u0107, jak cho\u0107by polska marka Vox, od lat inwestuj\u0105 w mechanizmy typu click clack czy wyskakuj\u0105ce p\u0142yty, kt\u00f3re s\u0105 teraz niezwykle lekkie i bezpieczne. To ju\u017c nie s\u0105 te ci\u0119\u017ckie, skrzypi\u0105ce konstrukcje z PRL u. Pami\u0119taj tylko, by sprawdzi\u0107 twardo\u015b\u0107 siedziska i materac \u2013 cz\u0119sto te w meblach wielofunkcyjnych bywaj\u0105 zbyt cienkie. Warto doposa\u017cy\u0107 si\u0119 w topper.<\/p>\n\n\n\n<p>W gruncie rzeczy chodzi o to, by ka\u017cdy mebel pracowa\u0142 na swoj\u0105 obecno\u015b\u0107. W ma\u0142ym salonie z jadalni\u0105 to prawo fizyki wn\u0119trzarskiej. Szafa z wbudowanym, wysuwanym biurkiem, niska komoda pe\u0142ni\u0105ca rol\u0119 blatu kawowego i szafki na zastaw\u0119, \u0142awka z pojemnikiem na koce. To s\u0105 cisi bohaterowie ma\u0142ych przestrzeni. Wybieraj\u0105c je, inwestujesz nie w przedmiot, a w przestrze\u0144, w sw\u00f3j oddech i spok\u00f3j. I to jest, moim zdaniem, najwi\u0119ksza ich zaleta.<\/p>\n\n\n\n<h2 class=\"wp-block-heading\"><span class=\"ez-toc-section\" id=\"Podsumowanie\"><\/span>Podsumowanie<span class=\"ez-toc-section-end\"><\/span><\/h2>\n\n\n\n<p>Wiesz co, po wszystkim co tu przemy\u015bleli\u015bmy, dochodz\u0119 do wniosku, \u017ce to wcale nie jest takie trudne. To troch\u0119 jak gra w pokera z w\u0142asnym metra\u017cem \u2013 nie masz wp\u0142ywu na karty, kt\u00f3re rozdano, ale mo\u017cesz je naprawd\u0119 sprytnie rozegra\u0107. I to jest w\u0142a\u015bnie klucz. Nie chodzi o stawianie \u015bcian, tylko o takie ustawienie mebli, \u017ceby twoje oczy i nogi same wiedzia\u0142y, gdzie jest czas na obiad, a gdzie na rozwalenie si\u0119 na kanapie. To ma dzia\u0142a\u0107 intuicyjnie.<\/p>\n\n\n\n<p>Moim zdaniem najwa\u017cniejsze, \u017ceby\u015b nie da\u0142 si\u0119 zwariowa\u0107 presji 'idealnych&#8217; rozwi\u0105za\u0144 z katalog\u00f3w. Czasem ten jeden rega\u0142 ustawiony w poprzek, kt\u00f3ry tak ci\u0119 niepokoi\u0142, oka\u017ce si\u0119 genialnym pomys\u0142em. Albo wr\u0119cz przeciwnie \u2013 no trudno, przesuniesz go jutro. To ma by\u0107 twoja przestrze\u0144, nie dekoratora wn\u0119trz. Eksperymentuj, a\u017c poczujesz, \u017ce to dzia\u0142a. Bo kiedy rano bezwiednie zatrzymasz si\u0119 przy stole na kaw\u0119, a wieczorem automatycznie odsuniesz si\u0119 w stref\u0119 relaksu, to b\u0119dziesz wiedzia\u0142, \u017ce si\u0119 uda\u0142o. To jest ten moment, dla kt\u00f3rego warto by\u0142o kombinowa\u0107.<\/p>\n\n\n\n<p><\/p>\n","protected":false},"excerpt":{"rendered":"<p>W mieszkaniu w bloku po\u0142\u0105czenie salonu z jadalni\u0105 to cz\u0119ste wyzwanie. Odpowiednie meble pomog\u0105 wydzieli\u0107 strefy bez budowania \u015bcian. Poznaj sprawdzone sposoby na funkcjonaln\u0105 aran\u017cacj\u0119. Dlaczego<span class=\"excerpt-hellip\"> [\u2026]<\/span><\/p>\n","protected":false},"author":1,"featured_media":3434,"comment_status":"closed","ping_status":"closed","sticky":false,"template":"","format":"standard","meta":{"_seopress_robots_primary_cat":"","_seopress_titles_title":"","_seopress_titles_desc":"","_seopress_robots_index":"","footnotes":""},"categories":[46,4],"tags":[],"class_list":["post-4519","post","type-post","status-publish","format-standard","has-post-thumbnail","hentry","category-artykuly","category-porady"],"_links":{"self":[{"href":"https:\/\/allmeblo.pl\/blog\/wp-json\/wp\/v2\/posts\/4519","targetHints":{"allow":["GET"]}}],"collection":[{"href":"https:\/\/allmeblo.pl\/blog\/wp-json\/wp\/v2\/posts"}],"about":[{"href":"https:\/\/allmeblo.pl\/blog\/wp-json\/wp\/v2\/types\/post"}],"author":[{"embeddable":true,"href":"https:\/\/allmeblo.pl\/blog\/wp-json\/wp\/v2\/users\/1"}],"replies":[{"embeddable":true,"href":"https:\/\/allmeblo.pl\/blog\/wp-json\/wp\/v2\/comments?post=4519"}],"version-history":[{"count":2,"href":"https:\/\/allmeblo.pl\/blog\/wp-json\/wp\/v2\/posts\/4519\/revisions"}],"predecessor-version":[{"id":4525,"href":"https:\/\/allmeblo.pl\/blog\/wp-json\/wp\/v2\/posts\/4519\/revisions\/4525"}],"wp:featuredmedia":[{"embeddable":true,"href":"https:\/\/allmeblo.pl\/blog\/wp-json\/wp\/v2\/media\/3434"}],"wp:attachment":[{"href":"https:\/\/allmeblo.pl\/blog\/wp-json\/wp\/v2\/media?parent=4519"}],"wp:term":[{"taxonomy":"category","embeddable":true,"href":"https:\/\/allmeblo.pl\/blog\/wp-json\/wp\/v2\/categories?post=4519"},{"taxonomy":"post_tag","embeddable":true,"href":"https:\/\/allmeblo.pl\/blog\/wp-json\/wp\/v2\/tags?post=4519"}],"curies":[{"name":"wp","href":"https:\/\/api.w.org\/{rel}","templated":true}]}}